{"id":2550,"date":"2020-08-26T12:18:10","date_gmt":"2020-08-26T12:18:10","guid":{"rendered":"http:\/\/invest.ro.gov.br\/?p=2550"},"modified":"2020-08-26T12:18:10","modified_gmt":"2020-08-26T12:18:10","slug":"seguranca-publica-de-rondonia-recebe-reforco-de-115-veiculos-equipados-com-recursos-de-alta-tecnologia","status":"publish","type":"post","link":"https:\/\/invest.ro.gov.br\/?p=2550","title":{"rendered":"Seguran\u00e7a P\u00fablica de Rond\u00f4nia recebe refor\u00e7o de 115 ve\u00edculos equipados com recursos de alta tecnologia"},"content":{"rendered":"<p>A entrega das novas viaturas para a Seguran\u00e7a P\u00fablica na manh\u00e3 desta quinta-feira (20) foi considerada um feito hist\u00f3rico para Rond\u00f4nia, pois al\u00e9m do alto grau de tecnologia empregado nos ve\u00edculos, h\u00e1 o comprometimento na aquisi\u00e7\u00e3o feita com baixo custo, demonstrando a responsabilidade com o dinheiro p\u00fablico. Durante o evento, ocorrido no estacionamento do Pal\u00e1cio Rio Madeira, o governador de Rond\u00f4nia, coronel Marcos Rocha, enalteceu todas as medidas de\u00a0combate \u00e0 corrup\u00e7\u00e3o que, consequentemente, refletem em economia de recurso para que seja aplicado em benef\u00edcios \u00e0 sociedade.<\/p>\n<p>Na ocasi\u00e3o, o governador parabenizou a atua\u00e7\u00e3o da Superintend\u00eancia Estadual de Compras e Licita\u00e7\u00f5es (<span class=\"il\">Supel<\/span>).\u00a0A escolha por loca\u00e7\u00e3o foi avaliada tecnicamente como a op\u00e7\u00e3o mais vantajosa para a administra\u00e7\u00e3o p\u00fablica com a manuten\u00e7\u00e3o da qualidade das viaturas. Os destaques foram pontuados durante a solenidade de entrega simb\u00f3lica de 115 viaturas de um total de 301 do novo contrato de loca\u00e7\u00e3o.<\/p>\n<p>A quantidade de ve\u00edculos entregues no momento tem um custo de R$ 19.086.342,48 (dezenove milh\u00f5es e oitenta e seis mil e trezentos e quarenta e dois reais e quarenta e oito centavos), e de acordo com o secret\u00e1rio de Seguran\u00e7a Defesa e Cidadania (Sesdec) Jos\u00e9 H\u00e9lio Cysneiros Pach\u00e1, o valor representa economicidade. \u2018\u2018A economia obtida \u00e9 de R$ 440 mil por ano\u201d, afirma o secret\u00e1rio.<\/p>\n<div id=\"attachment_378569\" class=\"wp-caption alignright\" style=\"width: 541px;\"><a href=\"https:\/\/i2.wp.com\/data.portal.sistemas.ro.gov.br\/2020\/08\/Entrega-de-viaturas-para-a-seguran%C3%A7a-p%C3%BAblica-de-Rond%C3%B4nia_20.08.20_Fotos_Daiane-Mendon%C3%A7a-99.jpg\" data-fancybox-group=\"entry-gallery\"><img loading=\"lazy\" decoding=\"async\" class=\"wp-image-378569 \" src=\"https:\/\/i2.wp.com\/data.portal.sistemas.ro.gov.br\/2020\/08\/Entrega-de-viaturas-para-a-seguran%C3%A7a-p%C3%BAblica-de-Rond%C3%B4nia_20.08.20_Fotos_Daiane-Mendon%C3%A7a-99-570x374.jpg?resize=541%2C355\" sizes=\"auto, (max-width: 570px) 100vw, 570px\" srcset=\"http:\/\/data.portal.sistemas.ro.gov.br\/2020\/08\/Entrega-de-viaturas-para-a-seguran\u00e7a-p\u00fablica-de-Rond\u00f4nia_20.08.20_Fotos_Daiane-Mendon\u00e7a-99-570x374.jpg 570w, http:\/\/data.portal.sistemas.ro.gov.br\/2020\/08\/Entrega-de-viaturas-para-a-seguran\u00e7a-p\u00fablica-de-Rond\u00f4nia_20.08.20_Fotos_Daiane-Mendon\u00e7a-99-768x504.jpg 768w, http:\/\/data.portal.sistemas.ro.gov.br\/2020\/08\/Entrega-de-viaturas-para-a-seguran\u00e7a-p\u00fablica-de-Rond\u00f4nia_20.08.20_Fotos_Daiane-Mendon\u00e7a-99-170x112.jpg 170w, http:\/\/data.portal.sistemas.ro.gov.br\/2020\/08\/Entrega-de-viaturas-para-a-seguran\u00e7a-p\u00fablica-de-Rond\u00f4nia_20.08.20_Fotos_Daiane-Mendon\u00e7a-99-370x243.jpg 370w, http:\/\/data.portal.sistemas.ro.gov.br\/2020\/08\/Entrega-de-viaturas-para-a-seguran\u00e7a-p\u00fablica-de-Rond\u00f4nia_20.08.20_Fotos_Daiane-Mendon\u00e7a-99-870x571.jpg 870w, http:\/\/data.portal.sistemas.ro.gov.br\/2020\/08\/Entrega-de-viaturas-para-a-seguran\u00e7a-p\u00fablica-de-Rond\u00f4nia_20.08.20_Fotos_Daiane-Mendon\u00e7a-99.jpg 1280w\" alt=\"\" width=\"541\" height=\"355\" data-recalc-dims=\"1\" \/><\/a><\/p>\n<p class=\"wp-caption-text\">Governador Marcos Rocha destaca luta implac\u00e1vel contra corrup\u00e7\u00e3o e criminalidade em Rond\u00f4nia ao entregar viaturas<\/p>\n<\/div>\n<p>O secret\u00e1rio destacou ainda que o governo fez mais com menos, pois\u00a0 com o novo contrato s\u00e3o 63 viaturas a mais que no\u00a0 anterior.\u00a0As viaturas ser\u00e3o distribu\u00eddas para Pol\u00edcia Militar (209), Pol\u00edcia Civil (64), Corpo de Bombeiros (5), Pol\u00edcia T\u00e9cnica Cientifica \u2013 Politec (17) e Sesdec (6).<\/p>\n<p>Os ve\u00edculos possuem rastreador via sat\u00e9lite, r\u00e1dio digital e c\u00e2meras.<\/p>\n<p>Muitos dos ve\u00edculos possuem c\u00e2meras com grande capacidade de zoom. Algumas com capacidade para instala\u00e7\u00e3o de software para reconhecimento de placas e com suporte para armamentos longos. Os ve\u00edculos passar\u00e3o por vistoria antes de serem colocados nas ruas. O contrato \u00e9 de 30 meses.<\/p>\n<p><strong>COMBATE \u00c0 VIOL\u00caNCIA CONTRA A MULHER<\/strong><\/p>\n<p>A solenidade ainda foi marcada pela entrega de duas caminhonetes que foram adquiridas com recurso de descentraliza\u00e7\u00e3o or\u00e7ament\u00e1ria do Fundo Estadual dos Direitos da Mulher (Funedm-Seas) e faz parte do projeto da Sesdec Mulher. Os ve\u00edculos custaram R$121 mil cada e ser\u00e3o utilizados para atender as necessidades da Delegacia da Mulher, em Porto Velho.<\/p>\n<p>A a\u00e7\u00e3o conjunta da Sesdec e\u00a0\u00a0Secretaria da Assist\u00eancia e Desenvolvimento Social (<span class=\"il\">Seas<\/span>)\u00a0 foi elogiada pelo governador. A secret\u00e1ria da Seas e primeira-dama, Luana Rocha tamb\u00e9m enalteceu a medida. \u201dFaz\u00a0 parte de um projeto muito bonito da Sesdec em rela\u00e7\u00e3o as politicas p\u00fablicas da mulher, e \u00e9 por isso que a Seas est\u00e1 junto para trazer benef\u00edcio para as mulheres que est\u00e3o em situa\u00e7\u00e3o de vulnerabilidade, mulheres que est\u00e3o sofrendo viol\u00eancia sexual e viol\u00eancia dom\u00e9stica. Ent\u00e3o, o que esperamos \u00e9 que possa trazer a prote\u00e7\u00e3o e os resultados que as mulheres precisam\u201d, afirma a\u00a0<span class=\"il\">primeira<\/span>\u2013<span class=\"il\">dama<\/span>\u00a0 e secret\u00e1ria da Seas, Luana Rocha.<\/p>\n<p>\u201dN\u00f3s estamos fazendo algo que sonhamos h\u00e1 muito tempo: a entrega de viaturas adequadas e equipadas.\u00c9 nossa obriga\u00e7\u00e3o agir com respeito \u00e0 popula\u00e7\u00e3o. Essas viaturas estar\u00e3o combatendo \u00e0 criminalidade, atuando de forma a proteger nossa sociedade da melhor forma poss\u00edvel \u201d, finaliza o governador.<\/p>\n<p>&nbsp;<\/p>\n<p>Fonte: Secom<\/p>\n","protected":false},"excerpt":{"rendered":"<p>A entrega das novas viaturas para a Seguran\u00e7a P\u00fablica na manh\u00e3 desta quinta-feira (20) foi considerada um feito hist\u00f3rico para Rond\u00f4nia, pois al\u00e9m do alto grau de tecnologia empregado nos ve\u00edculos, h\u00e1 o comprometimento na aquisi\u00e7\u00e3o feita com baixo custo, demonstrando a responsabilidade com o dinheiro p\u00fablico. Durante o evento, ocorrido no estacionamento do Pal\u00e1cio&hellip;<\/p>\n","protected":false},"author":14,"featured_media":2551,"comment_status":"open","ping_status":"open","sticky":false,"template":"","format":"standard","meta":{"spay_email":"","_links_to":"","_links_to_target":""},"categories":[18],"tags":[],"class_list":["post-2550","post","type-post","status-publish","format-standard","has-post-thumbnail","hentry","category-imprensa","category-18","description-off"],"jetpack_featured_media_url":"https:\/\/invest.ro.gov.br\/wp-content\/uploads\/2020\/08\/Entrega-de-viaturas-para-a-seguran\u00e7a-p\u00fablica-de-Rond\u00f4nia_20.08.20_Fotos_Daiane-Mendon\u00e7a-48-870x579.jpg","_links":{"self":[{"href":"https:\/\/invest.ro.gov.br\/index.php?rest_route=\/wp\/v2\/posts\/2550","targetHints":{"allow":["GET"]}}],"collection":[{"href":"https:\/\/invest.ro.gov.br\/index.php?rest_route=\/wp\/v2\/posts"}],"about":[{"href":"https:\/\/invest.ro.gov.br\/index.php?rest_route=\/wp\/v2\/types\/post"}],"author":[{"embeddable":true,"href":"https:\/\/invest.ro.gov.br\/index.php?rest_route=\/wp\/v2\/users\/14"}],"replies":[{"embeddable":true,"href":"https:\/\/invest.ro.gov.br\/index.php?rest_route=%2Fwp%2Fv2%2Fcomments&post=2550"}],"version-history":[{"count":1,"href":"https:\/\/invest.ro.gov.br\/index.php?rest_route=\/wp\/v2\/posts\/2550\/revisions"}],"predecessor-version":[{"id":2552,"href":"https:\/\/invest.ro.gov.br\/index.php?rest_route=\/wp\/v2\/posts\/2550\/revisions\/2552"}],"wp:featuredmedia":[{"embeddable":true,"href":"https:\/\/invest.ro.gov.br\/index.php?rest_route=\/wp\/v2\/media\/2551"}],"wp:attachment":[{"href":"https:\/\/invest.ro.gov.br\/index.php?rest_route=%2Fwp%2Fv2%2Fmedia&parent=2550"}],"wp:term":[{"taxonomy":"category","embeddable":true,"href":"https:\/\/invest.ro.gov.br\/index.php?rest_route=%2Fwp%2Fv2%2Fcategories&post=2550"},{"taxonomy":"post_tag","embeddable":true,"href":"https:\/\/invest.ro.gov.br\/index.php?rest_route=%2Fwp%2Fv2%2Ftags&post=2550"}],"curies":[{"name":"wp","href":"https:\/\/api.w.org\/{rel}","templated":true}]}}